{"id":1,"name":"Manuel Garcia","url":"https:\/\/thinkcareurope.com","description":"","link":"https:\/\/thinkcareurope.com\/pt\/author\/mgarciamartin88gmail-com\/","slug":"mgarciamartin88gmail-com","avatar_urls":{"24":"https:\/\/thinkcareurope.com\/wp-content\/litespeed\/avatar\/d6879337b5eb8ab78dfb92c9debc50a1.jpg?ver=1777380761","48":"https:\/\/thinkcareurope.com\/wp-content\/litespeed\/avatar\/36c016ea31db43530acdb4b9d6ce507b.jpg?ver=1777380761","96":"https:\/\/thinkcareurope.com\/wp-content\/litespeed\/avatar\/77df775685d0d341762e577018983f50.jpg?ver=1777380761"},"meta":[],"yoast_head":"<!-- This site is optimized with the Yoast SEO plugin v27.5 - https:\/\/yoast.com\/product\/yoast-seo-wordpress\/ -->\n<title>Manuel Garcia, autor en THINKCAR Europe<\/title>\n<meta name=\"robots\" content=\"index, follow, max-snippet:-1, max-image-preview:large, max-video-preview:-1\" \/>\n<link rel=\"canonical\" href=\"https:\/\/thinkcareurope.com\/pt\/author\/mgarciamartin88gmail-com\/\" \/>\n<meta property=\"og:locale\" content=\"pt_PT\" \/>\n<meta property=\"og:type\" content=\"profile\" \/>\n<meta property=\"og:title\" content=\"Manuel Garcia, autor en THINKCAR Europe\" \/>\n<meta property=\"og:url\" content=\"https:\/\/thinkcareurope.com\/pt\/author\/mgarciamartin88gmail-com\/\" \/>\n<meta property=\"og:site_name\" content=\"THINKCAR Europe\" \/>\n<meta property=\"og:image\" content=\"https:\/\/secure.gravatar.com\/avatar\/53cf1f01433f1f2e6ebfb479fef2f19a75d6645bc947c58c56f6226308a3e737?s=500&d=mm&r=g\" \/>\n<meta name=\"twitter:card\" content=\"summary_large_image\" \/>\n<script type=\"application\/ld+json\" class=\"yoast-schema-graph\">{\"@context\":\"https:\\\/\\\/schema.org\",\"@graph\":[{\"@type\":\"ProfilePage\",\"@id\":\"https:\\\/\\\/thinkcareurope.com\\\/author\\\/mgarciamartin88gmail-com\\\/\",\"url\":\"https:\\\/\\\/thinkcareurope.com\\\/author\\\/mgarciamartin88gmail-com\\\/\",\"name\":\"Manuel Garcia, autor en THINKCAR Europe\",\"isPartOf\":{\"@id\":\"https:\\\/\\\/thinkcareurope.com\\\/#website\"},\"breadcrumb\":{\"@id\":\"https:\\\/\\\/thinkcareurope.com\\\/author\\\/mgarciamartin88gmail-com\\\/#breadcrumb\"},\"inLanguage\":\"pt-PT\",\"potentialAction\":[{\"@type\":\"ReadAction\",\"target\":[\"https:\\\/\\\/thinkcareurope.com\\\/author\\\/mgarciamartin88gmail-com\\\/\"]}]},{\"@type\":\"BreadcrumbList\",\"@id\":\"https:\\\/\\\/thinkcareurope.com\\\/author\\\/mgarciamartin88gmail-com\\\/#breadcrumb\",\"itemListElement\":[{\"@type\":\"ListItem\",\"position\":1,\"name\":\"Portada\",\"item\":\"https:\\\/\\\/thinkcareurope.com\\\/\"},{\"@type\":\"ListItem\",\"position\":2,\"name\":\"Archivo de Manuel Garcia\"}]},{\"@type\":\"WebSite\",\"@id\":\"https:\\\/\\\/thinkcareurope.com\\\/#website\",\"url\":\"https:\\\/\\\/thinkcareurope.com\\\/\",\"name\":\"THINKCAR Europe\",\"description\":\"Equipos de diagn\u00f3stico profesional ThinkCar, ideales para talleres que buscan rapidez, precisi\u00f3n y cobertura total en veh\u00edculos t\u00e9rmicos, h\u00edbridos y el\u00e9ctricos.\",\"publisher\":{\"@id\":\"https:\\\/\\\/thinkcareurope.com\\\/#organization\"},\"potentialAction\":[{\"@type\":\"SearchAction\",\"target\":{\"@type\":\"EntryPoint\",\"urlTemplate\":\"https:\\\/\\\/thinkcareurope.com\\\/?s={search_term_string}\"},\"query-input\":{\"@type\":\"PropertyValueSpecification\",\"valueRequired\":true,\"valueName\":\"search_term_string\"}}],\"inLanguage\":\"pt-PT\"},{\"@type\":\"Organization\",\"@id\":\"https:\\\/\\\/thinkcareurope.com\\\/#organization\",\"name\":\"THINKCAR Europe\",\"url\":\"https:\\\/\\\/thinkcareurope.com\\\/\",\"logo\":{\"@type\":\"ImageObject\",\"inLanguage\":\"pt-PT\",\"@id\":\"https:\\\/\\\/thinkcareurope.com\\\/#\\\/schema\\\/logo\\\/image\\\/\",\"url\":\"https:\\\/\\\/thinkcareurope.com\\\/wp-content\\\/uploads\\\/2025\\\/10\\\/Logo-THINKCAR-EUROPE.svg\",\"contentUrl\":\"https:\\\/\\\/thinkcareurope.com\\\/wp-content\\\/uploads\\\/2025\\\/10\\\/Logo-THINKCAR-EUROPE.svg\",\"width\":77,\"height\":32,\"caption\":\"THINKCAR Europe\"},\"image\":{\"@id\":\"https:\\\/\\\/thinkcareurope.com\\\/#\\\/schema\\\/logo\\\/image\\\/\"},\"sameAs\":[\"https:\\\/\\\/www.facebook.com\\\/EfiTaller\\\/\",\"https:\\\/\\\/www.linkedin.com\\\/company\\\/108947980\\\/\"]},{\"@type\":\"Person\",\"@id\":\"https:\\\/\\\/thinkcareurope.com\\\/#\\\/schema\\\/person\\\/6871a42e3ad432c315d8fcf035e00024\",\"name\":\"Manuel Garcia\",\"image\":{\"@type\":\"ImageObject\",\"inLanguage\":\"pt-PT\",\"@id\":\"https:\\\/\\\/thinkcareurope.com\\\/wp-content\\\/litespeed\\\/avatar\\\/77df775685d0d341762e577018983f50.jpg?ver=1777380761\",\"url\":\"https:\\\/\\\/thinkcareurope.com\\\/wp-content\\\/litespeed\\\/avatar\\\/77df775685d0d341762e577018983f50.jpg?ver=1777380761\",\"contentUrl\":\"https:\\\/\\\/thinkcareurope.com\\\/wp-content\\\/litespeed\\\/avatar\\\/77df775685d0d341762e577018983f50.jpg?ver=1777380761\",\"caption\":\"Manuel Garcia\"},\"sameAs\":[\"https:\\\/\\\/thinkcareurope.com\"],\"mainEntityOfPage\":{\"@id\":\"https:\\\/\\\/thinkcareurope.com\\\/author\\\/mgarciamartin88gmail-com\\\/\"}}]}<\/script>\n<!-- \/ Yoast SEO plugin. -->","yoast_head_json":{"title":"Manuel Garcia, autor en THINKCAR Europe","robots":{"index":"index","follow":"follow","max-snippet":"max-snippet:-1","max-image-preview":"max-image-preview:large","max-video-preview":"max-video-preview:-1"},"canonical":"https:\/\/thinkcareurope.com\/pt\/author\/mgarciamartin88gmail-com\/","og_locale":"pt_PT","og_type":"profile","og_title":"Manuel Garcia, autor en THINKCAR Europe","og_url":"https:\/\/thinkcareurope.com\/pt\/author\/mgarciamartin88gmail-com\/","og_site_name":"THINKCAR Europe","og_image":[{"url":"https:\/\/secure.gravatar.com\/avatar\/53cf1f01433f1f2e6ebfb479fef2f19a75d6645bc947c58c56f6226308a3e737?s=500&d=mm&r=g","type":"","width":"","height":""}],"twitter_card":"summary_large_image","schema":{"@context":"https:\/\/schema.org","@graph":[{"@type":"ProfilePage","@id":"https:\/\/thinkcareurope.com\/author\/mgarciamartin88gmail-com\/","url":"https:\/\/thinkcareurope.com\/author\/mgarciamartin88gmail-com\/","name":"Manuel Garcia, autor en THINKCAR Europe","isPartOf":{"@id":"https:\/\/thinkcareurope.com\/#website"},"breadcrumb":{"@id":"https:\/\/thinkcareurope.com\/author\/mgarciamartin88gmail-com\/#breadcrumb"},"inLanguage":"pt-PT","potentialAction":[{"@type":"ReadAction","target":["https:\/\/thinkcareurope.com\/author\/mgarciamartin88gmail-com\/"]}]},{"@type":"BreadcrumbList","@id":"https:\/\/thinkcareurope.com\/author\/mgarciamartin88gmail-com\/#breadcrumb","itemListElement":[{"@type":"ListItem","position":1,"name":"Portada","item":"https:\/\/thinkcareurope.com\/"},{"@type":"ListItem","position":2,"name":"Archivo de Manuel Garcia"}]},{"@type":"WebSite","@id":"https:\/\/thinkcareurope.com\/#website","url":"https:\/\/thinkcareurope.com\/","name":"THINKCAR Europe","description":"Equipos de diagn\u00f3stico profesional ThinkCar, ideales para talleres que buscan rapidez, precisi\u00f3n y cobertura total en veh\u00edculos t\u00e9rmicos, h\u00edbridos y el\u00e9ctricos.","publisher":{"@id":"https:\/\/thinkcareurope.com\/#organization"},"potentialAction":[{"@type":"SearchAction","target":{"@type":"EntryPoint","urlTemplate":"https:\/\/thinkcareurope.com\/?s={search_term_string}"},"query-input":{"@type":"PropertyValueSpecification","valueRequired":true,"valueName":"search_term_string"}}],"inLanguage":"pt-PT"},{"@type":"Organization","@id":"https:\/\/thinkcareurope.com\/#organization","name":"THINKCAR Europe","url":"https:\/\/thinkcareurope.com\/","logo":{"@type":"ImageObject","inLanguage":"pt-PT","@id":"https:\/\/thinkcareurope.com\/#\/schema\/logo\/image\/","url":"https:\/\/thinkcareurope.com\/wp-content\/uploads\/2025\/10\/Logo-THINKCAR-EUROPE.svg","contentUrl":"https:\/\/thinkcareurope.com\/wp-content\/uploads\/2025\/10\/Logo-THINKCAR-EUROPE.svg","width":77,"height":32,"caption":"THINKCAR Europe"},"image":{"@id":"https:\/\/thinkcareurope.com\/#\/schema\/logo\/image\/"},"sameAs":["https:\/\/www.facebook.com\/EfiTaller\/","https:\/\/www.linkedin.com\/company\/108947980\/"]},{"@type":"Person","@id":"https:\/\/thinkcareurope.com\/#\/schema\/person\/6871a42e3ad432c315d8fcf035e00024","name":"Manuel Garcia","image":{"@type":"ImageObject","inLanguage":"pt-PT","@id":"https:\/\/thinkcareurope.com\/wp-content\/litespeed\/avatar\/77df775685d0d341762e577018983f50.jpg?ver=1777380761","url":"https:\/\/thinkcareurope.com\/wp-content\/litespeed\/avatar\/77df775685d0d341762e577018983f50.jpg?ver=1777380761","contentUrl":"https:\/\/thinkcareurope.com\/wp-content\/litespeed\/avatar\/77df775685d0d341762e577018983f50.jpg?ver=1777380761","caption":"Manuel Garcia"},"sameAs":["https:\/\/thinkcareurope.com"],"mainEntityOfPage":{"@id":"https:\/\/thinkcareurope.com\/author\/mgarciamartin88gmail-com\/"}}]}},"is_super_admin":true,"woocommerce_meta":{"variable_product_tour_shown":"","activity_panel_inbox_last_read":"","activity_panel_reviews_last_read":"","categories_report_columns":"","coupons_report_columns":"","customers_report_columns":"","orders_report_columns":"","products_report_columns":"","revenue_report_columns":"","taxes_report_columns":"","variations_report_columns":"","dashboard_sections":"","dashboard_chart_type":"","dashboard_chart_interval":"","dashboard_leaderboard_rows":"","order_attribution_install_banner_dismissed":"","scheduled_updates_promotion_notice_dismissed":"","homepage_layout":"","homepage_stats":"","task_list_tracked_started_tasks":"","android_app_banner_dismissed":"","launch_your_store_tour_hidden":"","coming_soon_banner_dismissed":""},"elementor_introduction":{"e-apps":true,"ai-get-started-announcement":true,"globals_introduction":true,"upload_json_warning_generic_message":true},"_links":{"self":[{"href":"https:\/\/thinkcareurope.com\/pt\/wp-json\/wp\/v2\/users\/1","targetHints":{"allow":["GET"]}}],"collection":[{"href":"https:\/\/thinkcareurope.com\/pt\/wp-json\/wp\/v2\/users"}]}}